{"id":17707,"date":"2025-11-21T16:44:38","date_gmt":"2025-11-21T16:44:38","guid":{"rendered":"https:\/\/galerie-institut.com\/bernard-cathelin-1919-2004-biography\/"},"modified":"2025-11-21T16:44:42","modified_gmt":"2025-11-21T16:44:42","slug":"bernard-cathelin-1919-2004-biographie","status":"publish","type":"post","link":"https:\/\/galerie-institut.com\/en\/bernard-cathelin-1919-2004-biographie\/","title":{"rendered":"Bernard Cathelin (1919 &#8211; 2004) &#8211; Biography"},"content":{"rendered":"<p>[et_pb_section fb_built=&#8221;1&#8243; _builder_version=&#8221;4.18.0&#8243; _module_preset=&#8221;default&#8221; min_height=&#8221;7185.8px&#8221; custom_padding=&#8221;1px||0px|||&#8221; global_colors_info=&#8221;{}&#8221; theme_builder_area=&#8221;post_content&#8221;][et_pb_row _builder_version=&#8221;4.27.4&#8243; _module_preset=&#8221;default&#8221; theme_builder_area=&#8221;post_content&#8221; hover_enabled=&#8221;0&#8243; sticky_enabled=&#8221;0&#8243;][et_pb_column _builder_version=&#8221;4.27.4&#8243; _module_preset=&#8221;default&#8221; type=&#8221;4_4&#8243; theme_builder_area=&#8221;post_content&#8221;][et_pb_text _builder_version=&#8221;4.27.4&#8243; _module_preset=&#8221;default&#8221; theme_builder_area=&#8221;post_content&#8221; hover_enabled=&#8221;0&#8243; sticky_enabled=&#8221;0&#8243; text_font_size=&#8221;15px&#8221;]<\/p>\n<h1 style=\"text-align: center;\"><a href=\"https:\/\/galerie-institut.com\/en\/bernard-cathelin\/\">Bernard Cathelin<\/a><\/h1>\n<p style=\"text-align: center;\"><strong>(1919-2004)<\/strong><\/p>\n<p><strong><\/strong><\/p>\n<p style=\"text-align: justify;\">Bernard Cathelin was born in Paris in 1919. After the interruption of the war, he resumed his studies at the \u00c9cole nationale sup\u00e9rieure des Arts d\u00e9coratifs, where between 1945 and 1948 he studied in the studio of Maurice Brianchon, a colorist painter in the tradition of Henri Matisse. Cathelin demonstrates a strong sensitivity to color and light, which he translates with great accuracy.  <\/p>\n<p style=\"text-align: justify;\">His many travels &#8211; to Latin America, and especially Mexico, Japan, Italy and Spain, to name but a few &#8211; are an essential source of inspiration, as are the landscapes of the Dr\u00f4me region, the birthplace of his maternal origins, with its generous, sun-drenched nature, from which he draws his colorful chords.<\/p>\n<p style=\"text-align: justify;\">Cathelin spends half the year at his family home, Les Rebatti\u00e8res, in Mont\u00e9l\u00e9ger, Dr\u00f4me. In his studio, he works out the composition of his canvases from sketches and notes. The artist does not paint from the motif. During the other half of the year, in his Paris studio, he simplifies his compositions and works the material. For Cathelin, color is created by superimposing different shades of the same color. He applies a layer, scrapes off the excess to reveal the tone underneath, lets it dry and then starts again. This repeated operation gives his color a rich depth and texture. He uses watercolor as a preparatory stage for his compositions.       <\/p>\n<p style=\"text-align: justify;\">Alongside his work as a painter, Cathelin practiced lithography in Fernand Mourlot&#8217;s famous studio. Painting and lithography are intimately linked in his research. They are mutually nourishing. As in painting, he uses superimposed layers of inks of different tonalities for the same color. As a painter, lithography helps him to simplify color and composition. Cathelin also produced large-format lithographs at the invitation of Japanese lithographer Mori, whose presses were up to 235 cm (while Mourlot&#8217;s were no larger than 120 cm).     <\/p>\n<p style=\"text-align: justify;\">In both painting and lithography, Cathelin seeks to express the essential. He doesn&#8217;t bother with details or anecdotes. Frontality is another aspect of his aesthetic. Cathelin seeks the frontal, the mural. Over time, his language becomes simpler.    <\/p>\n<p style=\"text-align: justify;\">In the 1980s, he broadened his activity to include tapestry. His 1973 meeting with the protagonists of Atelier 3 in Paris, through the intermediary of painter Andr\u00e9 Brasilier, marked the beginning of a fruitful collaboration. Several of Cathelin&#8217;s paintings were translated into tapestries.  <\/p>\n<p style=\"text-align: justify;\">Cathelin&#8217;s work has conquered an international audience. His work was shown at the David B. Findlay gallery in New York from 1958 to 1983, and in France at the Marcel Guiot gallery on rue La Bo\u00e9tie in Paris from 1961 to 1979. In Japan, the Yoshii Gallery in Tokyo exhibited his work from 1967 until at least 1994.  <\/p>\n<p>[\/et_pb_text][\/et_pb_column][\/et_pb_row][\/et_pb_section]<\/p>\n","protected":false},"excerpt":{"rendered":"<p>Bernard Cathelin (1919-2004) Bernard Cathelin was born in Paris in 1919. After the interruption of the war, he resumed his studies at the \u00c9cole nationale sup\u00e9rieure des Arts d\u00e9coratifs, where between 1945 and 1948 he studied in the studio of Maurice Brianchon, a colorist painter in the tradition of Henri Matisse. Cathelin demonstrates a strong [&hellip;]<\/p>\n","protected":false},"author":20,"featured_media":0,"comment_status":"open","ping_status":"closed","sticky":false,"template":"","format":"standard","meta":{"_et_pb_use_builder":"on","_et_pb_old_content":"","_et_gb_content_width":"","footnotes":""},"categories":[55],"tags":[],"dipi_cpt_category":[],"class_list":["post-17707","post","type-post","status-publish","format-standard","hentry","category-uncategorized"],"yoast_head":"<!-- This site is optimized with the Yoast SEO plugin v27.5 - https:\/\/yoast.com\/product\/yoast-seo-wordpress\/ -->\n<title>Bernard Cathelin (1919 - 2004) - Biography - Galerie Institut<\/title>\n<meta name=\"description\" content=\"Color is at the heart of Bernard Cathelin&#039;s work. It is even the main subject.\" \/>\n<meta name=\"robots\" content=\"index, follow, max-snippet:-1, max-image-preview:large, max-video-preview:-1\" \/>\n<link rel=\"canonical\" href=\"https:\/\/galerie-institut.com\/en\/bernard-cathelin-1919-2004-biographie\/\" \/>\n<meta property=\"og:locale\" content=\"en_US\" \/>\n<meta property=\"og:type\" content=\"article\" \/>\n<meta property=\"og:title\" content=\"Bernard Cathelin (1919 - 2004) - Biography - Galerie Institut\" \/>\n<meta property=\"og:description\" content=\"Color is at the heart of Bernard Cathelin&#039;s work. It is even the main subject.\" \/>\n<meta property=\"og:url\" content=\"https:\/\/galerie-institut.com\/en\/bernard-cathelin-1919-2004-biographie\/\" \/>\n<meta property=\"og:site_name\" content=\"Galerie Institut\" \/>\n<meta property=\"article:published_time\" content=\"2025-11-21T16:44:38+00:00\" \/>\n<meta property=\"article:modified_time\" content=\"2025-11-21T16:44:42+00:00\" \/>\n<meta name=\"author\" content=\"FChadly\" \/>\n<meta name=\"twitter:card\" content=\"summary_large_image\" \/>\n<meta name=\"twitter:label1\" content=\"Written by\" \/>\n\t<meta name=\"twitter:data1\" content=\"FChadly\" \/>\n\t<meta name=\"twitter:label2\" content=\"Est. reading time\" \/>\n\t<meta name=\"twitter:data2\" content=\"3 minutes\" \/>\n<script type=\"application\/ld+json\" class=\"yoast-schema-graph\">{\"@context\":\"https:\\\/\\\/schema.org\",\"@graph\":[{\"@type\":\"Article\",\"@id\":\"https:\\\/\\\/galerie-institut.com\\\/en\\\/bernard-cathelin-1919-2004-biographie\\\/#article\",\"isPartOf\":{\"@id\":\"https:\\\/\\\/galerie-institut.com\\\/en\\\/bernard-cathelin-1919-2004-biographie\\\/\"},\"author\":{\"name\":\"FChadly\",\"@id\":\"https:\\\/\\\/galerie-institut.com\\\/en\\\/#\\\/schema\\\/person\\\/2cf7c41cb7cd8e5ac9cde081484f5710\"},\"headline\":\"Bernard Cathelin (1919 &#8211; 2004) &#8211; Biography\",\"datePublished\":\"2025-11-21T16:44:38+00:00\",\"dateModified\":\"2025-11-21T16:44:42+00:00\",\"mainEntityOfPage\":{\"@id\":\"https:\\\/\\\/galerie-institut.com\\\/en\\\/bernard-cathelin-1919-2004-biographie\\\/\"},\"wordCount\":541,\"commentCount\":0,\"inLanguage\":\"en-US\",\"potentialAction\":[{\"@type\":\"CommentAction\",\"name\":\"Comment\",\"target\":[\"https:\\\/\\\/galerie-institut.com\\\/en\\\/bernard-cathelin-1919-2004-biographie\\\/#respond\"]}]},{\"@type\":\"WebPage\",\"@id\":\"https:\\\/\\\/galerie-institut.com\\\/en\\\/bernard-cathelin-1919-2004-biographie\\\/\",\"url\":\"https:\\\/\\\/galerie-institut.com\\\/en\\\/bernard-cathelin-1919-2004-biographie\\\/\",\"name\":\"Bernard Cathelin (1919 - 2004) - Biography - Galerie Institut\",\"isPartOf\":{\"@id\":\"https:\\\/\\\/galerie-institut.com\\\/en\\\/#website\"},\"datePublished\":\"2025-11-21T16:44:38+00:00\",\"dateModified\":\"2025-11-21T16:44:42+00:00\",\"author\":{\"@id\":\"https:\\\/\\\/galerie-institut.com\\\/en\\\/#\\\/schema\\\/person\\\/2cf7c41cb7cd8e5ac9cde081484f5710\"},\"description\":\"Color is at the heart of Bernard Cathelin's work. It is even the main subject.\",\"breadcrumb\":{\"@id\":\"https:\\\/\\\/galerie-institut.com\\\/en\\\/bernard-cathelin-1919-2004-biographie\\\/#breadcrumb\"},\"inLanguage\":\"en-US\",\"potentialAction\":[{\"@type\":\"ReadAction\",\"target\":[\"https:\\\/\\\/galerie-institut.com\\\/en\\\/bernard-cathelin-1919-2004-biographie\\\/\"]}]},{\"@type\":\"BreadcrumbList\",\"@id\":\"https:\\\/\\\/galerie-institut.com\\\/en\\\/bernard-cathelin-1919-2004-biographie\\\/#breadcrumb\",\"itemListElement\":[{\"@type\":\"ListItem\",\"position\":1,\"name\":\"Accueil\",\"item\":\"https:\\\/\\\/galerie-institut.com\\\/en\\\/accueil\\\/\"},{\"@type\":\"ListItem\",\"position\":2,\"name\":\"Bernard Cathelin (1919 &#8211; 2004) &#8211; Biography\"}]},{\"@type\":\"WebSite\",\"@id\":\"https:\\\/\\\/galerie-institut.com\\\/en\\\/#website\",\"url\":\"https:\\\/\\\/galerie-institut.com\\\/en\\\/\",\"name\":\"Galerie Institut\",\"description\":\"\",\"potentialAction\":[{\"@type\":\"SearchAction\",\"target\":{\"@type\":\"EntryPoint\",\"urlTemplate\":\"https:\\\/\\\/galerie-institut.com\\\/en\\\/?s={search_term_string}\"},\"query-input\":{\"@type\":\"PropertyValueSpecification\",\"valueRequired\":true,\"valueName\":\"search_term_string\"}}],\"inLanguage\":\"en-US\"},{\"@type\":\"Person\",\"@id\":\"https:\\\/\\\/galerie-institut.com\\\/en\\\/#\\\/schema\\\/person\\\/2cf7c41cb7cd8e5ac9cde081484f5710\",\"name\":\"FChadly\",\"image\":{\"@type\":\"ImageObject\",\"inLanguage\":\"en-US\",\"@id\":\"https:\\\/\\\/secure.gravatar.com\\\/avatar\\\/b9f0664216ddeba4dfeb0e81749a82613ea9ad31c1351e1b1a4d2e09001eae0e?s=96&d=mm&r=g\",\"url\":\"https:\\\/\\\/secure.gravatar.com\\\/avatar\\\/b9f0664216ddeba4dfeb0e81749a82613ea9ad31c1351e1b1a4d2e09001eae0e?s=96&d=mm&r=g\",\"contentUrl\":\"https:\\\/\\\/secure.gravatar.com\\\/avatar\\\/b9f0664216ddeba4dfeb0e81749a82613ea9ad31c1351e1b1a4d2e09001eae0e?s=96&d=mm&r=g\",\"caption\":\"FChadly\"},\"url\":\"https:\\\/\\\/galerie-institut.com\\\/en\\\/author\\\/fchadly\\\/\"}]}<\/script>\n<!-- \/ Yoast SEO plugin. -->","yoast_head_json":{"title":"Bernard Cathelin (1919 - 2004) - Biography - Galerie Institut","description":"Color is at the heart of Bernard Cathelin's work. It is even the main subject.","robots":{"index":"index","follow":"follow","max-snippet":"max-snippet:-1","max-image-preview":"max-image-preview:large","max-video-preview":"max-video-preview:-1"},"canonical":"https:\/\/galerie-institut.com\/en\/bernard-cathelin-1919-2004-biographie\/","og_locale":"en_US","og_type":"article","og_title":"Bernard Cathelin (1919 - 2004) - Biography - Galerie Institut","og_description":"Color is at the heart of Bernard Cathelin's work. It is even the main subject.","og_url":"https:\/\/galerie-institut.com\/en\/bernard-cathelin-1919-2004-biographie\/","og_site_name":"Galerie Institut","article_published_time":"2025-11-21T16:44:38+00:00","article_modified_time":"2025-11-21T16:44:42+00:00","author":"FChadly","twitter_card":"summary_large_image","twitter_misc":{"Written by":"FChadly","Est. reading time":"3 minutes"},"schema":{"@context":"https:\/\/schema.org","@graph":[{"@type":"Article","@id":"https:\/\/galerie-institut.com\/en\/bernard-cathelin-1919-2004-biographie\/#article","isPartOf":{"@id":"https:\/\/galerie-institut.com\/en\/bernard-cathelin-1919-2004-biographie\/"},"author":{"name":"FChadly","@id":"https:\/\/galerie-institut.com\/en\/#\/schema\/person\/2cf7c41cb7cd8e5ac9cde081484f5710"},"headline":"Bernard Cathelin (1919 &#8211; 2004) &#8211; Biography","datePublished":"2025-11-21T16:44:38+00:00","dateModified":"2025-11-21T16:44:42+00:00","mainEntityOfPage":{"@id":"https:\/\/galerie-institut.com\/en\/bernard-cathelin-1919-2004-biographie\/"},"wordCount":541,"commentCount":0,"inLanguage":"en-US","potentialAction":[{"@type":"CommentAction","name":"Comment","target":["https:\/\/galerie-institut.com\/en\/bernard-cathelin-1919-2004-biographie\/#respond"]}]},{"@type":"WebPage","@id":"https:\/\/galerie-institut.com\/en\/bernard-cathelin-1919-2004-biographie\/","url":"https:\/\/galerie-institut.com\/en\/bernard-cathelin-1919-2004-biographie\/","name":"Bernard Cathelin (1919 - 2004) - Biography - Galerie Institut","isPartOf":{"@id":"https:\/\/galerie-institut.com\/en\/#website"},"datePublished":"2025-11-21T16:44:38+00:00","dateModified":"2025-11-21T16:44:42+00:00","author":{"@id":"https:\/\/galerie-institut.com\/en\/#\/schema\/person\/2cf7c41cb7cd8e5ac9cde081484f5710"},"description":"Color is at the heart of Bernard Cathelin's work. It is even the main subject.","breadcrumb":{"@id":"https:\/\/galerie-institut.com\/en\/bernard-cathelin-1919-2004-biographie\/#breadcrumb"},"inLanguage":"en-US","potentialAction":[{"@type":"ReadAction","target":["https:\/\/galerie-institut.com\/en\/bernard-cathelin-1919-2004-biographie\/"]}]},{"@type":"BreadcrumbList","@id":"https:\/\/galerie-institut.com\/en\/bernard-cathelin-1919-2004-biographie\/#breadcrumb","itemListElement":[{"@type":"ListItem","position":1,"name":"Accueil","item":"https:\/\/galerie-institut.com\/en\/accueil\/"},{"@type":"ListItem","position":2,"name":"Bernard Cathelin (1919 &#8211; 2004) &#8211; Biography"}]},{"@type":"WebSite","@id":"https:\/\/galerie-institut.com\/en\/#website","url":"https:\/\/galerie-institut.com\/en\/","name":"Galerie Institut","description":"","potentialAction":[{"@type":"SearchAction","target":{"@type":"EntryPoint","urlTemplate":"https:\/\/galerie-institut.com\/en\/?s={search_term_string}"},"query-input":{"@type":"PropertyValueSpecification","valueRequired":true,"valueName":"search_term_string"}}],"inLanguage":"en-US"},{"@type":"Person","@id":"https:\/\/galerie-institut.com\/en\/#\/schema\/person\/2cf7c41cb7cd8e5ac9cde081484f5710","name":"FChadly","image":{"@type":"ImageObject","inLanguage":"en-US","@id":"https:\/\/secure.gravatar.com\/avatar\/b9f0664216ddeba4dfeb0e81749a82613ea9ad31c1351e1b1a4d2e09001eae0e?s=96&d=mm&r=g","url":"https:\/\/secure.gravatar.com\/avatar\/b9f0664216ddeba4dfeb0e81749a82613ea9ad31c1351e1b1a4d2e09001eae0e?s=96&d=mm&r=g","contentUrl":"https:\/\/secure.gravatar.com\/avatar\/b9f0664216ddeba4dfeb0e81749a82613ea9ad31c1351e1b1a4d2e09001eae0e?s=96&d=mm&r=g","caption":"FChadly"},"url":"https:\/\/galerie-institut.com\/en\/author\/fchadly\/"}]}},"_links":{"self":[{"href":"https:\/\/galerie-institut.com\/en\/wp-json\/wp\/v2\/posts\/17707","targetHints":{"allow":["GET"]}}],"collection":[{"href":"https:\/\/galerie-institut.com\/en\/wp-json\/wp\/v2\/posts"}],"about":[{"href":"https:\/\/galerie-institut.com\/en\/wp-json\/wp\/v2\/types\/post"}],"author":[{"embeddable":true,"href":"https:\/\/galerie-institut.com\/en\/wp-json\/wp\/v2\/users\/20"}],"replies":[{"embeddable":true,"href":"https:\/\/galerie-institut.com\/en\/wp-json\/wp\/v2\/comments?post=17707"}],"version-history":[{"count":1,"href":"https:\/\/galerie-institut.com\/en\/wp-json\/wp\/v2\/posts\/17707\/revisions"}],"predecessor-version":[{"id":17710,"href":"https:\/\/galerie-institut.com\/en\/wp-json\/wp\/v2\/posts\/17707\/revisions\/17710"}],"wp:attachment":[{"href":"https:\/\/galerie-institut.com\/en\/wp-json\/wp\/v2\/media?parent=17707"}],"wp:term":[{"taxonomy":"category","embeddable":true,"href":"https:\/\/galerie-institut.com\/en\/wp-json\/wp\/v2\/categories?post=17707"},{"taxonomy":"post_tag","embeddable":true,"href":"https:\/\/galerie-institut.com\/en\/wp-json\/wp\/v2\/tags?post=17707"},{"taxonomy":"dipi_cpt_category","embeddable":true,"href":"https:\/\/galerie-institut.com\/en\/wp-json\/wp\/v2\/dipi_cpt_category?post=17707"}],"curies":[{"name":"wp","href":"https:\/\/api.w.org\/{rel}","templated":true}]}}